{"id":7095,"date":"2017-05-15T07:11:03","date_gmt":"2017-05-15T07:11:03","guid":{"rendered":"https:\/\/www.nadaciaadeli.sk\/?p=7095"},"modified":"2017-05-15T07:11:03","modified_gmt":"2017-05-15T07:11:03","slug":"nadacia-adeli-na-novej-adrese-a-s-novym-timom","status":"publish","type":"post","link":"https:\/\/nadaciaadeli.sk\/en\/nadacia-adeli-na-novej-adrese-a-s-novym-timom\/","title":{"rendered":"Nad\u00e1cia ADELI na novej adrese a s nov\u00fdm t\u00edmom"},"content":{"rendered":"<p>V\u00a0marci 2017 do\u0161lo k\u00a0oddeleniu Nad\u00e1cie Adeli a\u00a0ob\u010dianskeho zdru\u017eenia APPA.<\/p>\n<p>Nad\u00e1cia ADELI sa vr\u00e1tila sp\u00e4\u0165 do priestorov ADELI Medical Centra na adresu Hlbok\u00e1 45. Od 3. apr\u00edla 2017 n\u00e1s n\u00e1jdete v\u00a0priestoroch ADELI Medical Centra\u00a0 na 1. poschod\u00ed ved\u013ea re\u0161taur\u00e1cie, v\u00a0kancel\u00e1ri\u00e1ch 162 a 163.<\/p>\n<p>V\u00a0Nad\u00e1cii sa stretnete s\u00a0nov\u00fdm t\u00edmom, ktor\u00fd bude aj\u00a0na\u010falej zo v\u0161etk\u00fdch s\u00edl pom\u00e1ha\u0165 postihnut\u00fdm a\u00a0ich rodin\u00e1m so z\u00edskavan\u00edm prostriedkov na rehabilit\u00e1ciu v\u00a0ADELI Medical Centre.<\/p>\n<p>So svojimi po\u017eiadavkami sa m\u00f4\u017eete kedyko\u013evek obr\u00e1ti\u0165 na t\u00fdchto pracovn\u00edkov:<\/p>\n<p>Zuzana Nov\u00e1kov\u00e1, spr\u00e1vky\u0148a nad\u00e1cie,<br \/>\n<em>tel. +421\u00a0904\u00a0516\u00a0345, email: <\/em><a href=\"mailto:zuzana.novakova@www.nadaciaadeli.sk\">zuzana.novakova@www.nadaciaadeli.sk<\/a><\/p>\n<p>Al\u017ebeta \u017dirkov\u00e1, finan\u010dn\u00e1 a projektov\u00e1 mana\u017e\u00e9rka,<br \/>\n<em>tel. +421\u00a0902\u00a0359\u00a0048, email: <\/em><a href=\"mailto:alzbeta.zirkova@www.nadaciaadeli.sk\">alzbeta.zirkova@www.nadaciaadeli.sk<\/a><\/p>\n<p>Monika Lazar\u010d\u00edkov\u00e1, administr\u00e1torka 2%,<br \/>\n<em>tel. +421\u00a0910\u00a0836\u00a0898, email: <\/em><a href=\"mailto:monika.lazarcikova@www.nadaciaadeli.sk\">monika.lazarcikova@www.nadaciaadeli.sk<\/a><\/p>\n<p>Sl\u00e1vka Jan\u010dov\u00e1, projektov\u00e1 mana\u017e\u00e9rka,<br \/>\n<em>tel. +421\u00a0910\u00a0824\u00a0601, email: <\/em><a href=\"mailto:slavka.jancova@www.nadaciaadeli.sk\">slavka.jancova@www.nadaciaadeli.sk<\/a><\/p>\n<p>Te\u0161\u00edme sa na v\u00e1s a\u00a0sme pripraven\u00ed urobi\u0165 v\u0161etko pre va\u0161u spokojnos\u0165.<\/p>","protected":false},"excerpt":{"rendered":"<p>V\u00a0marci 2017 do\u0161lo k\u00a0oddeleniu Nad\u00e1cie Adeli a\u00a0ob\u010dianskeho zdru\u017eenia APPA. Nad\u00e1cia ADELI sa vr\u00e1tila sp\u00e4\u0165 do priestorov ADELI Medical Centra na adresu Hlbok\u00e1 45. Od 3. apr\u00edla 2017 n\u00e1s n\u00e1jdete v\u00a0priestoroch ADELI Medical Centra\u00a0 na 1. poschod\u00ed ved\u013ea re\u0161taur\u00e1cie, v\u00a0kancel\u00e1ri\u00e1ch 162 a 163. V\u00a0Nad\u00e1cii sa stretnete s\u00a0nov\u00fdm t\u00edmom, ktor\u00fd bude aj\u00a0na\u010falej zo v\u0161etk\u00fdch s\u00edl pom\u00e1ha\u0165 postihnut\u00fdm [&hellip;]<\/p>\n","protected":false},"author":1,"featured_media":0,"comment_status":"closed","ping_status":"open","sticky":false,"template":"","format":"standard","meta":{"_acf_changed":false,"_seopress_robots_primary_cat":"","_seopress_titles_title":"","_seopress_titles_desc":"","_seopress_robots_index":"","_breakdance_hide_in_design_set":false,"_breakdance_tags":"","footnotes":""},"categories":[5],"tags":[],"class_list":["post-7095","post","type-post","status-publish","format-standard","hentry","category-novinky"],"acf":[],"_links":{"self":[{"href":"https:\/\/nadaciaadeli.sk\/en\/wp-json\/wp\/v2\/posts\/7095","targetHints":{"allow":["GET"]}}],"collection":[{"href":"https:\/\/nadaciaadeli.sk\/en\/wp-json\/wp\/v2\/posts"}],"about":[{"href":"https:\/\/nadaciaadeli.sk\/en\/wp-json\/wp\/v2\/types\/post"}],"author":[{"embeddable":true,"href":"https:\/\/nadaciaadeli.sk\/en\/wp-json\/wp\/v2\/users\/1"}],"replies":[{"embeddable":true,"href":"https:\/\/nadaciaadeli.sk\/en\/wp-json\/wp\/v2\/comments?post=7095"}],"version-history":[{"count":0,"href":"https:\/\/nadaciaadeli.sk\/en\/wp-json\/wp\/v2\/posts\/7095\/revisions"}],"wp:attachment":[{"href":"https:\/\/nadaciaadeli.sk\/en\/wp-json\/wp\/v2\/media?parent=7095"}],"wp:term":[{"taxonomy":"category","embeddable":true,"href":"https:\/\/nadaciaadeli.sk\/en\/wp-json\/wp\/v2\/categories?post=7095"},{"taxonomy":"post_tag","embeddable":true,"href":"https:\/\/nadaciaadeli.sk\/en\/wp-json\/wp\/v2\/tags?post=7095"}],"curies":[{"name":"wp","href":"https:\/\/api.w.org\/{rel}","templated":true}]}}