{"id":7442,"date":"2017-06-15T12:17:14","date_gmt":"2017-06-15T12:17:14","guid":{"rendered":"https:\/\/www.nadaciaadeli.sk\/?p=7442"},"modified":"2017-06-15T12:17:14","modified_gmt":"2017-06-15T12:17:14","slug":"charitativny-zamocky-piknik-v-smoleniciach","status":"publish","type":"post","link":"https:\/\/nadaciaadeli.sk\/en\/charitativny-zamocky-piknik-v-smoleniciach\/","title":{"rendered":"Charitat\u00edvny Z\u00e1mock\u00fd piknik v Smoleniciach"},"content":{"rendered":"<p>Poz\u00fdvame v\u00e1s na tret\u00ed ro\u010dn\u00edk charitat\u00edvneho pikniku na z\u00e1mku. V\u00fd\u0165a\u017eok z neho tak ako po minul\u00e9 ro\u010dn\u00edky venuj\u00fa organiz\u00e1tori na\u0161ej malej kamar\u00e1tke Emke Kraj\u010d\u00edrovej zo Sek\u00fal, ktor\u00e1 je zdravotne \u0165a\u017eko hendikepovan\u00e1 a financie vyu\u017eije na \u010fal\u0161iu lie\u010dbu v ADELI Medical Centre. Deti pote\u0161\u00ed Smejko a Tanculienka, a podve\u010der sa predstav\u00ed legenda slovensk\u00e9ho jazzu Peter Lipa . Pre v\u0161etk\u00fdch s\u00fa prichystan\u00e9 slan\u00e9 a sladk\u00e9 ma\u0161krty, osvie\u017euj\u00face n\u00e1poje a dobr\u00e1 n\u00e1lada. Nezabudli sme ani na handmade z\u00f3nu.<\/p>\n<p>&nbsp;<\/p>\n<p><img alt=\"\" loading=\"lazy\" decoding=\"async\" class=\"alignnone size-medium wp-image-7444\" src=\"https:\/\/nadaciaadeli.sk\/wp-content\/uploads\/2017\/06\/piknik-214x300.jpg\" width=\"214\" height=\"300\" srcset=\"https:\/\/nadaciaadeli.sk\/wp-content\/uploads\/2017\/06\/piknik-214x300.jpg 214w, https:\/\/nadaciaadeli.sk\/wp-content\/uploads\/2017\/06\/piknik-600x840.jpg 600w, https:\/\/nadaciaadeli.sk\/wp-content\/uploads\/2017\/06\/piknik.jpg 686w\" sizes=\"auto, (max-width: 214px) 100vw, 214px\" \/><\/p>","protected":false},"excerpt":{"rendered":"<p>Poz\u00fdvame v\u00e1s na tret\u00ed ro\u010dn\u00edk charitat\u00edvneho pikniku na z\u00e1mku. V\u00fd\u0165a\u017eok z neho tak ako po minul\u00e9 ro\u010dn\u00edky venuj\u00fa organiz\u00e1tori na\u0161ej malej kamar\u00e1tke Emke Kraj\u010d\u00edrovej zo Sek\u00fal, ktor\u00e1 je zdravotne \u0165a\u017eko hendikepovan\u00e1 a financie vyu\u017eije na \u010fal\u0161iu lie\u010dbu v ADELI Medical Centre. Deti pote\u0161\u00ed Smejko a Tanculienka, a podve\u010der sa predstav\u00ed legenda slovensk\u00e9ho jazzu Peter Lipa [&hellip;]<\/p>\n","protected":false},"author":1,"featured_media":7444,"comment_status":"closed","ping_status":"open","sticky":false,"template":"","format":"standard","meta":{"_acf_changed":false,"_seopress_robots_primary_cat":"","_seopress_titles_title":"","_seopress_titles_desc":"","_seopress_robots_index":"","_breakdance_hide_in_design_set":false,"_breakdance_tags":"","footnotes":""},"categories":[5,2],"tags":[],"class_list":["post-7442","post","type-post","status-publish","format-standard","has-post-thumbnail","hentry","category-novinky","category-podujatia"],"acf":[],"_links":{"self":[{"href":"https:\/\/nadaciaadeli.sk\/en\/wp-json\/wp\/v2\/posts\/7442","targetHints":{"allow":["GET"]}}],"collection":[{"href":"https:\/\/nadaciaadeli.sk\/en\/wp-json\/wp\/v2\/posts"}],"about":[{"href":"https:\/\/nadaciaadeli.sk\/en\/wp-json\/wp\/v2\/types\/post"}],"author":[{"embeddable":true,"href":"https:\/\/nadaciaadeli.sk\/en\/wp-json\/wp\/v2\/users\/1"}],"replies":[{"embeddable":true,"href":"https:\/\/nadaciaadeli.sk\/en\/wp-json\/wp\/v2\/comments?post=7442"}],"version-history":[{"count":0,"href":"https:\/\/nadaciaadeli.sk\/en\/wp-json\/wp\/v2\/posts\/7442\/revisions"}],"wp:featuredmedia":[{"embeddable":true,"href":"https:\/\/nadaciaadeli.sk\/en\/wp-json\/wp\/v2\/media\/7444"}],"wp:attachment":[{"href":"https:\/\/nadaciaadeli.sk\/en\/wp-json\/wp\/v2\/media?parent=7442"}],"wp:term":[{"taxonomy":"category","embeddable":true,"href":"https:\/\/nadaciaadeli.sk\/en\/wp-json\/wp\/v2\/categories?post=7442"},{"taxonomy":"post_tag","embeddable":true,"href":"https:\/\/nadaciaadeli.sk\/en\/wp-json\/wp\/v2\/tags?post=7442"}],"curies":[{"name":"wp","href":"https:\/\/api.w.org\/{rel}","templated":true}]}}