{"id":8893,"date":"2017-11-10T08:38:52","date_gmt":"2017-11-10T07:38:52","guid":{"rendered":"https:\/\/www.nadaciaadeli.sk\/?p=8893"},"modified":"2017-11-10T08:38:52","modified_gmt":"2017-11-10T07:38:52","slug":"seminar-senzomotoricka-stimulacia-ii","status":"publish","type":"post","link":"https:\/\/nadaciaadeli.sk\/en\/seminar-senzomotoricka-stimulacia-ii\/","title":{"rendered":"SEMIN\u00c1R SENZOMOTORICK\u00c1 STIMUL\u00c1CIA II. K\u0154MENIE"},"content":{"rendered":"<p style=\"text-align: justify;\">\u010cast\u00e9 ot\u00e1zky rodi\u010dov t\u00fdkaj\u00face sa spr\u00e1vneho pr\u00edjmu potravy det\u00ed so psychomotorick\u00fdm oneskoren\u00edm n\u00e1s priviedli k zorganizovaniu semin\u00e1ra Senzomotorick\u00e1 stimul\u00e1cia zameran\u00e1 na k\u0155menie, ktor\u00fd sa uskuto\u010dn\u00ed\u00a0<strong>9.12.2017\u00a0<\/strong>v\u00a0\u010dase od 8:00 do 14:00 hod. v ADELI Medical Center.<\/p>\n<p style=\"text-align: justify;\">Semin\u00e1r je ur\u010den\u00fd pre laick\u00fa verejnos\u0165 \u2013 rodi\u010dov, rodinn\u00fdch pr\u00edslu\u0161n\u00edkov, bl\u00edzkych a opatrovate\u013eov zdravotne hendikepovan\u00fdch det\u00ed a det\u00ed zaost\u00e1vaj\u00facich vo v\u00fdvoji.<\/p>\n<p style=\"text-align: justify;\">Zameriame sa na rozpoznanie varovn\u00fdch sign\u00e1lov naru\u0161en\u00e9ho preh\u013atania, prisp\u00f4sobenie stravy de\u0165om s r\u00f4znym hendikepom, pr\u00edjem tuhej stravy, nastavenie spr\u00e1vnych pol\u00f4h a \u00fapravu dom\u00e1cich podmienok pri k\u0155men\u00ed v prospech rodiny a hendikepovan\u00e9ho. Predvedieme oromotorick\u00e9 cvi\u010denia, podporn\u00e9 stimula\u010dn\u00e9 techniky a vysvetl\u00edme rozdiel medzi preh\u013atan\u00edm mal\u00fdch a v\u00e4\u010d\u0161\u00edch det\u00ed. Uk\u00e1\u017eeme, ak\u00fdm sp\u00f4sobom k\u0155mi\u0165 deti. Zodpovieme na ot\u00e1zky, kedy je die\u0165a schopn\u00e9 hr\u00fdz\u0165 a\u00a0\u017eu\u0165.<\/p>\n<p style=\"text-align: justify;\">Na tieto a\u00a0mnoh\u00e9 \u010fal\u0161ie ot\u00e1zky dostanete odpove\u010f na semin\u00e1ri, ktor\u00fd bud\u00fa vies\u0165 odborn\u00ed\u010dky s\u00a0mnohoro\u010dnou praxou v\u00a0odboroch klinick\u00e1 logop\u00e9dia a\u00a0detsk\u00e1 rehabilit\u00e1cia a fyzioterapia:<\/p>\n<ul>\n<li class=\"av-special-heading-tag\" style=\"text-align: justify;\"><a href=\"https:\/\/www.nadaciaadeli.sk\/vzdelavanie\/profily-odbornikov\/\">PaedDr. Adelaida F\u00e1bianov\u00e1<\/a>, klinick\u00e1 logopedi\u010dka, garantka logopedick\u00e9ho oddelenia a\u00a0ved\u00faca logopedick\u00e9ho centra Logopea v\u00a0ADELI Medical Centre,<\/li>\n<li class=\"av-special-heading-tag\"><a href=\"https:\/\/www.nadaciaadeli.sk\/vzdelavanie\/profily-odbornikov\/\">Bc. Zuzana Hejdukov\u00e1<\/a>, ved\u00faca fyzioterapeutka oddelenia ranej rehabilit\u00e1cie BabyMed v\u00a0ADELI Medical Centre.<\/li>\n<\/ul>\n<p>Program a prihl\u00e1\u0161ku na semin\u00e1r n\u00e1jdete na webe Nad\u00e1cie ADELI:<\/p>\n<p><a href=\"https:\/\/www.nadaciaadeli.sk\/vzdelavanie\/ponuka-seminarov\/seminar-senzomotoricka-stimulacia-ii\/\" target=\"_blank\" rel=\"nofollow noopener\" data-lynx-mode=\"async\" data-lynx-uri=\"https:\/\/l.facebook.com\/l.php?u=https%3A%2F%2Fdev.nadaciaadeli.sk%2Fvzdelavanie%2Fponuka-seminarov%2Fseminar-senzomotoricka-stimulacia-ii%2F&amp;h=ATO8DhsHQDCHS2dwhNKSEx1cnuRPmPnS2K3dioakilwuRZKP2iY6gLpSw51oVegRI7SlWWqbJl1mEAZKAW-fNR3Nvd-isxiN6YUqjA5QtXWDY_ESfDbYU88kdp_plbl7HFe8uqPetxr6JWUoggSfMJoz8BbRJ6p2s7Vig_qIomAxCm8\">https:\/\/www.nadaciaadeli.sk\/<wbr \/>vzdelavanie\/<wbr \/>ponuka-seminarov\/<wbr \/>seminar-senzomotoricka-stim<wbr \/>ulacia-ii\/<\/a><\/p>\n<p><img alt=\"\" loading=\"lazy\" decoding=\"async\" class=\"alignnone size-medium wp-image-8830\" src=\"https:\/\/nadaciaadeli.sk\/wp-content\/uploads\/2017\/11\/Banner_edukacny_seminar_3-300x114.jpg\" width=\"300\" height=\"114\" srcset=\"https:\/\/nadaciaadeli.sk\/wp-content\/uploads\/2017\/11\/Banner_edukacny_seminar_3-300x114.jpg 300w, https:\/\/nadaciaadeli.sk\/wp-content\/uploads\/2017\/11\/Banner_edukacny_seminar_3-600x229.jpg 600w, https:\/\/nadaciaadeli.sk\/wp-content\/uploads\/2017\/11\/Banner_edukacny_seminar_3-1024x390.jpg 1024w, https:\/\/nadaciaadeli.sk\/wp-content\/uploads\/2017\/11\/Banner_edukacny_seminar_3-768x293.jpg 768w, https:\/\/nadaciaadeli.sk\/wp-content\/uploads\/2017\/11\/Banner_edukacny_seminar_3-1536x586.jpg 1536w, https:\/\/nadaciaadeli.sk\/wp-content\/uploads\/2017\/11\/Banner_edukacny_seminar_3.jpg 1920w\" sizes=\"auto, (max-width: 300px) 100vw, 300px\" \/><\/p>\n<p>&nbsp;<\/p>","protected":false},"excerpt":{"rendered":"<p>\u010cast\u00e9 ot\u00e1zky rodi\u010dov t\u00fdkaj\u00face sa spr\u00e1vneho pr\u00edjmu potravy det\u00ed so psychomotorick\u00fdm oneskoren\u00edm n\u00e1s priviedli k zorganizovaniu semin\u00e1ra Senzomotorick\u00e1 stimul\u00e1cia zameran\u00e1 na k\u0155menie, ktor\u00fd sa uskuto\u010dn\u00ed\u00a09.12.2017\u00a0v\u00a0\u010dase od 8:00 do 14:00 hod. v ADELI Medical Center. Semin\u00e1r je ur\u010den\u00fd pre laick\u00fa verejnos\u0165 \u2013 rodi\u010dov, rodinn\u00fdch pr\u00edslu\u0161n\u00edkov, bl\u00edzkych a opatrovate\u013eov zdravotne hendikepovan\u00fdch det\u00ed a det\u00ed zaost\u00e1vaj\u00facich vo v\u00fdvoji. [&hellip;]<\/p>\n","protected":false},"author":1,"featured_media":8766,"comment_status":"closed","ping_status":"open","sticky":false,"template":"","format":"standard","meta":{"_acf_changed":false,"_seopress_robots_primary_cat":"","_seopress_titles_title":"","_seopress_titles_desc":"","_seopress_robots_index":"","_breakdance_hide_in_design_set":false,"_breakdance_tags":"","footnotes":""},"categories":[5],"tags":[],"class_list":["post-8893","post","type-post","status-publish","format-standard","has-post-thumbnail","hentry","category-novinky"],"acf":[],"_links":{"self":[{"href":"https:\/\/nadaciaadeli.sk\/en\/wp-json\/wp\/v2\/posts\/8893","targetHints":{"allow":["GET"]}}],"collection":[{"href":"https:\/\/nadaciaadeli.sk\/en\/wp-json\/wp\/v2\/posts"}],"about":[{"href":"https:\/\/nadaciaadeli.sk\/en\/wp-json\/wp\/v2\/types\/post"}],"author":[{"embeddable":true,"href":"https:\/\/nadaciaadeli.sk\/en\/wp-json\/wp\/v2\/users\/1"}],"replies":[{"embeddable":true,"href":"https:\/\/nadaciaadeli.sk\/en\/wp-json\/wp\/v2\/comments?post=8893"}],"version-history":[{"count":0,"href":"https:\/\/nadaciaadeli.sk\/en\/wp-json\/wp\/v2\/posts\/8893\/revisions"}],"wp:featuredmedia":[{"embeddable":true,"href":"https:\/\/nadaciaadeli.sk\/en\/wp-json\/wp\/v2\/media\/8766"}],"wp:attachment":[{"href":"https:\/\/nadaciaadeli.sk\/en\/wp-json\/wp\/v2\/media?parent=8893"}],"wp:term":[{"taxonomy":"category","embeddable":true,"href":"https:\/\/nadaciaadeli.sk\/en\/wp-json\/wp\/v2\/categories?post=8893"},{"taxonomy":"post_tag","embeddable":true,"href":"https:\/\/nadaciaadeli.sk\/en\/wp-json\/wp\/v2\/tags?post=8893"}],"curies":[{"name":"wp","href":"https:\/\/api.w.org\/{rel}","templated":true}]}}