{"id":9114,"date":"2017-12-14T09:52:43","date_gmt":"2017-12-14T08:52:43","guid":{"rendered":"https:\/\/www.nadaciaadeli.sk\/?p=9114"},"modified":"2017-12-14T09:52:43","modified_gmt":"2017-12-14T08:52:43","slug":"v-siedmom-nebi-pribeh-marie-cabajovej","status":"publish","type":"post","link":"https:\/\/nadaciaadeli.sk\/en\/v-siedmom-nebi-pribeh-marie-cabajovej\/","title":{"rendered":"V siedmom nebi &#8211; pr\u00edbeh M\u00e1rie Cabajovej"},"content":{"rendered":"<p style=\"text-align: justify;\">Na\u0161e centrum bolo op\u00e4\u0165 s\u00fa\u010das\u0165ou jedine\u010dn\u00e9ho projektu \u201eV siedmom nebi\u201c. Vilo Rozboril so svojim t\u00edmom pomohol ve\u013ekej bojovn\u00ed\u010dke Majke z\u00a0Doln\u00e9ho Hri\u010dova. Majka je kr\u00e1sna usmievav\u00e1 sle\u010dna a\u00a0z\u00e1rove\u0148 teenegerka ako sa patr\u00ed. Je v\u0161ak ve\u013ek\u00e1 bojovn\u00ed\u010dka u\u017e v\u00a0takomto mladom veku. Majku toti\u017e u\u0161tipol kom\u00e1r. Zrazu v jedno r\u00e1no prestala vidie\u0165, mala obrovsk\u00e9 hor\u00fa\u010dky a bojovala o \u017eivot &#8211; v\u00fdsledok boreli\u00f3za a encefalit\u00edda. Musela sa op\u00e4\u0165 nau\u010di\u0165 jes\u0165, \u010d\u00edta\u0165, p\u00edsa\u0165 a po\u010d\u00edta\u0165. O to hor\u0161ie to v\u0161etci pre\u017e\u00edvali, preto\u017ee pri\u0161li pred 4 rokmi o\u00a0milovan\u00e9ho otecka na presne rovnak\u00fa diagn\u00f3zu.<\/p>\n<p style=\"text-align: justify;\">Predstavujeme V\u00e1m obe bojovn\u00ed\u010dky Majky. Dc\u00e9ra Majka, ktor\u00e1 chce op\u00e4\u0165 chodi\u0165. Mama Majka rob\u00ed v\u0161etko pre to, aby jej dc\u00e9ra chodila a aby to v\u0161etko psychicky zvl\u00e1dla. Do tohto pr\u00edbehu vstupuje aj Rebeka, najlep\u0161ia Majkina priate\u013eka, aj cel\u00e1\u00a0jej trieda spolu\u017eiakov zo z\u00e1kladnej \u0161koly. Toto v\u0161etko si m\u00f4\u017eete pozrie\u0165 v\u00a0jej pr\u00edbehu tu:<\/p>\n<p style=\"text-align: justify;\"><a href=\"https:\/\/www.joj.sk\/v-siedmom-nebi\/archiv\/2017-12-10-v-siedmom-nebi\">https:\/\/www.joj.sk\/v-siedmom-nebi\/archiv\/2017-12-10-v-siedmom-nebi<\/a><\/p>\n<p>&nbsp;<\/p>\n<p><img alt=\"\" loading=\"lazy\" decoding=\"async\" class=\"alignnone size-medium wp-image-9115\" src=\"https:\/\/nadaciaadeli.sk\/wp-content\/uploads\/2017\/12\/7.nebo_10-12-2017-285x300.jpg\" width=\"285\" height=\"300\" srcset=\"https:\/\/nadaciaadeli.sk\/wp-content\/uploads\/2017\/12\/7.nebo_10-12-2017-285x300.jpg 285w, https:\/\/nadaciaadeli.sk\/wp-content\/uploads\/2017\/12\/7.nebo_10-12-2017-600x632.jpg 600w, https:\/\/nadaciaadeli.sk\/wp-content\/uploads\/2017\/12\/7.nebo_10-12-2017-768x808.jpg 768w, https:\/\/nadaciaadeli.sk\/wp-content\/uploads\/2017\/12\/7.nebo_10-12-2017.jpg 912w\" sizes=\"auto, (max-width: 285px) 100vw, 285px\" \/>\u00a0 \u00a0 \u00a0<img alt=\"\" loading=\"lazy\" decoding=\"async\" class=\"alignnone size-medium wp-image-9118\" src=\"https:\/\/nadaciaadeli.sk\/wp-content\/uploads\/2017\/12\/cabajova_6-200x300.jpg\" width=\"200\" height=\"300\" srcset=\"https:\/\/nadaciaadeli.sk\/wp-content\/uploads\/2017\/12\/cabajova_6-200x300.jpg 200w, https:\/\/nadaciaadeli.sk\/wp-content\/uploads\/2017\/12\/cabajova_6-scaled-600x900.jpg 600w, https:\/\/nadaciaadeli.sk\/wp-content\/uploads\/2017\/12\/cabajova_6-683x1024.jpg 683w, https:\/\/nadaciaadeli.sk\/wp-content\/uploads\/2017\/12\/cabajova_6-768x1152.jpg 768w, https:\/\/nadaciaadeli.sk\/wp-content\/uploads\/2017\/12\/cabajova_6-1024x1536.jpg 1024w, https:\/\/nadaciaadeli.sk\/wp-content\/uploads\/2017\/12\/cabajova_6-1365x2048.jpg 1365w, https:\/\/nadaciaadeli.sk\/wp-content\/uploads\/2017\/12\/cabajova_6-scaled.jpg 1707w\" sizes=\"auto, (max-width: 200px) 100vw, 200px\" \/><\/p>","protected":false},"excerpt":{"rendered":"<p>Na\u0161e centrum bolo op\u00e4\u0165 s\u00fa\u010das\u0165ou jedine\u010dn\u00e9ho projektu \u201eV siedmom nebi\u201c. Vilo Rozboril so svojim t\u00edmom pomohol ve\u013ekej bojovn\u00ed\u010dke Majke z\u00a0Doln\u00e9ho Hri\u010dova. Majka je kr\u00e1sna usmievav\u00e1 sle\u010dna a\u00a0z\u00e1rove\u0148 teenegerka ako sa patr\u00ed. Je v\u0161ak ve\u013ek\u00e1 bojovn\u00ed\u010dka u\u017e v\u00a0takomto mladom veku. Majku toti\u017e u\u0161tipol kom\u00e1r. Zrazu v jedno r\u00e1no prestala vidie\u0165, mala obrovsk\u00e9 hor\u00fa\u010dky a bojovala o [&hellip;]<\/p>\n","protected":false},"author":1,"featured_media":9120,"comment_status":"closed","ping_status":"open","sticky":false,"template":"","format":"standard","meta":{"_acf_changed":false,"_seopress_robots_primary_cat":"","_seopress_titles_title":"","_seopress_titles_desc":"","_seopress_robots_index":"","_breakdance_hide_in_design_set":false,"_breakdance_tags":"","footnotes":""},"categories":[5],"tags":[],"class_list":["post-9114","post","type-post","status-publish","format-standard","has-post-thumbnail","hentry","category-novinky"],"acf":[],"_links":{"self":[{"href":"https:\/\/nadaciaadeli.sk\/en\/wp-json\/wp\/v2\/posts\/9114","targetHints":{"allow":["GET"]}}],"collection":[{"href":"https:\/\/nadaciaadeli.sk\/en\/wp-json\/wp\/v2\/posts"}],"about":[{"href":"https:\/\/nadaciaadeli.sk\/en\/wp-json\/wp\/v2\/types\/post"}],"author":[{"embeddable":true,"href":"https:\/\/nadaciaadeli.sk\/en\/wp-json\/wp\/v2\/users\/1"}],"replies":[{"embeddable":true,"href":"https:\/\/nadaciaadeli.sk\/en\/wp-json\/wp\/v2\/comments?post=9114"}],"version-history":[{"count":0,"href":"https:\/\/nadaciaadeli.sk\/en\/wp-json\/wp\/v2\/posts\/9114\/revisions"}],"wp:featuredmedia":[{"embeddable":true,"href":"https:\/\/nadaciaadeli.sk\/en\/wp-json\/wp\/v2\/media\/9120"}],"wp:attachment":[{"href":"https:\/\/nadaciaadeli.sk\/en\/wp-json\/wp\/v2\/media?parent=9114"}],"wp:term":[{"taxonomy":"category","embeddable":true,"href":"https:\/\/nadaciaadeli.sk\/en\/wp-json\/wp\/v2\/categories?post=9114"},{"taxonomy":"post_tag","embeddable":true,"href":"https:\/\/nadaciaadeli.sk\/en\/wp-json\/wp\/v2\/tags?post=9114"}],"curies":[{"name":"wp","href":"https:\/\/api.w.org\/{rel}","templated":true}]}}